{"id":4617,"date":"2026-08-30T19:57:23","date_gmt":"2026-08-30T19:57:23","guid":{"rendered":"https:\/\/www.wysokastrzyz.rzeszow.opoka.org.pl\/?p=4617"},"modified":"2026-08-30T19:57:23","modified_gmt":"2026-08-30T19:57:23","slug":"ogloszenia-duszpasterskie-22-niedziela-zwykla-30-08-2026","status":"publish","type":"post","link":"https:\/\/www.wysokastrzyz.rzeszow.opoka.org.pl\/index.php\/ogloszenia-parafialne\/ogloszenia-duszpasterskie-22-niedziela-zwykla-30-08-2026","title":{"rendered":"OG\u0141OSZENIA DUSZPASTERSKIE 22 Niedziela zwyk\u0142a 30.08.2026."},"content":{"rendered":"<ol>\n<li>\u0141\u0105czymy si\u0119 duchowo z przedstawicielami naszej parafii, kt\u00f3rzy z wie\u0144cami do\u017cynkowymi uczestnicz\u0105 w diecezjalnym dzi\u0119kczynieniu za dar tegorocznego chleba w Kolbuszowej.<\/li>\n<li>Ko\u0144cz\u0105 si\u0119 wakacje dla dzieci i m\u0142odzie\u017cy, nauczycieli i wychowawc\u00f3w. Z czystymi sercami chcemy rozpocz\u0105\u0107 nowy rok szkolny i katechetyczny. \u00a0Spowied\u017a na rozpocz\u0119cie nowego roku szkolnego dla dzieci i m\u0142odzie\u017cy \u00a0jutro \u00a0\u2013 \u00a0w poniedzia\u0142ek\u00a0 od godz. 17.00. \u00a0\u00a0Prosimy rodzic\u00f3w, aby przypomnieli\u00a0 swoim dzieciom o spowiedzi \u015bw.<\/li>\n<li>We wtorek rozpocz\u0119cie nowego roku szkolnego o godz. 8.00 rano uroczyst\u0105 Msz\u0105 \u015bw., na kt\u00f3r\u0105 serdecznie zapraszamy rodzic\u00f3w, nauczycieli, wychowawc\u00f3w, pracownik\u00f3w szk\u00f3\u0142 i przedszkola oraz dzieci. Chcemy Panu Bogu podzi\u0119kowa\u0107 za szcz\u0119\u015bliwie prze\u017cyte wakacje, zawierzy\u0107 nasze niepokoje i nadzieje, prosi\u0107 o obfite dary Ducha \u015aw. dla pedagog\u00f3w i uczni\u00f3w, aby kolejny rok szkolny by\u0142 jak najbardziej owocnie prze\u017cyty ku wsp\u00f3lnemu po\u017cytkowi. Autobus szkolny podwiezie dzieci z do\u0142u po godz. 7.30. Po Mszy \u015bw. dalsze uroczysto\u015bci w przedszkolu i szko\u0142ach. Przypominamy uczniom o od\u015bwi\u0119tnym ubraniu si\u0119 na pocz\u0105tek nowego roku szkolnego.<\/li>\n<li>We wtorek wypada 87 rocznica wybuchu II wojny \u015bwiatowej \u2013 w modlitwie pami\u0119tajmy o bohaterach, kt\u00f3rzy bronili granic naszej Ojczyzny.<\/li>\n<li>Has\u0142em tegorocznego roku duszpasterskiego s\u0105 s\u0142owa:<strong> Uczniowie &#8211; misjonarze.\u00a0 <\/strong>\u00a0Warto w codziennym zabieganiu troch\u0119 przystan\u0105\u0107 i zastanowi\u0107 si\u0119 nad swoim nawr\u00f3ceniem, swoj\u0105 wiar\u0105 i \u017cyciem. \u00a0W naszej Rzeszowskiej Diecezji\u00a0 trwa ca\u0142oroczna adoracja Naj\u015bwi\u0119tszego Sakramentu \u2013 codziennie inna parafia wieczorem trwa na modlitwie, dzi\u0119kuj\u0105c za \u0142aski prosi o potrzebne dary i Bo\u017ce b\u0142ogos\u0142awie\u0144stwo. \u00a0W\u00a0 tym kalendarzu diecezjalnej adoracji nasza parafia tak\u0105\u00a0 modlitw\u0119 b\u0119dzie mia\u0142a we wtorek\u00a0 &#8211; 1\u00a0 wrze\u015bnia. \u00a0Adoracj\u0119 rozpoczniemy Msz\u0105 \u015bw.\u00a0 o godz. 18 \u2013 tej.\u00a0 Po Mszy \u015bw. swoj\u0105 adoracj\u0119 b\u0119d\u0105 mia\u0142y r\u00f3\u017ce r\u00f3\u017ca\u0144cowe, m\u0142odzie\u017c i dzieci u progu nowego roku szkolnego, \u00a0Caritas \u00a0i \u00a0Stowarzyszenie Rodzin Katolickich. \u00a0Modlitw\u0105 r\u00f3\u017ca\u0144cow\u0105 po godz. 20 \u2013 tej \u00a0i \u00a0Apelem Jasnog\u00f3rskim zako\u0144czymy adoracj\u0119. \u00a0Zapraszamy wszystkich do wsp\u00f3lnej modlitwy.<\/li>\n<li>W liturgii Ko\u015bcio\u0142a w tym tygodniu: we czwartek wsp. \u015bw.\u00a0 Grzegorza Wielkiego.<\/li>\n<li>W tym tygodniu wypada pierwszy pi\u0105tek i pierwsza sobota miesi\u0105ca. Spowiada\u0107 b\u0119dziemy w pi\u0105tek od 17.30.<\/li>\n<li>Najbli\u017csza niedziela \u2013 pierwsza w miesi\u0105cu \u2013 zmiana tajemnic r\u00f3\u017ca\u0144cowych \u2013sk\u0142adka na seminarium duchowne i cele diecezjalne.<\/li>\n<li>Grzegorz zaprasza na spotkanie wszystkich ministrant\u00f3w we \u015brod\u0119 po Mszy \u015bw., a KSM w pi\u0105tek po Mszy \u015bw.<\/li>\n<li>Od najbli\u017cszej niedzieli w zakrystii zapisy wszystkich ch\u0119tnych z klasy VIII i starszych, kt\u00f3rzy pragn\u0105 przez najbli\u017cszy rok przygotowywa\u0107 si\u0119 do sakramentu bierzmowania.<\/li>\n<li>W czasie remontu dachu naszego ko\u015bcio\u0142a zosta\u0142y odnalezione dwa stare \u015bwieczniki, kt\u00f3re kiedy\u015b o\u015bwietla\u0142y zapewne Naj\u015bwi\u0119tszy Sakrament w czasie adoracji. Jeden jest w pracowni z\u0142otniczej \u00a0i \u00a0b\u0119dzie go mo\u017cna zobaczy\u0107 ju\u017c w najbli\u017csz\u0105 niedziel\u0119 \u2013 a stan drugiego mo\u017cna zobaczy\u0107, \u00a0bo jest umieszczony na stoliku pod ch\u00f3rem.<\/li>\n<li>Dzi\u0119kujemy za \u00a0ostatnie posprz\u0105tanie ko\u015bcio\u0142a,\u00a0 za \u00a0przyniesione \u00a0i ofiarowane kwiaty oraz \u00a0z\u0142o\u017cone ofiary.\u00a0 Na \u00a0sobot\u0119 na godz. \u00a09 \u00a0o posprz\u0105tanie ko\u015bcio\u0142a \u00a0i \u00a0przyniesienie kwiat\u00f3w\u00a0 prosimy parafian od nru: \u00a0246 a &#8211;\u00a0 Patryk Gruszczy\u0144ski,\u00a0 Halina Szczepanik,\u00a0 Andrzej Dziadosz,\u00a0 Sebastian Maraj, Ma\u0142gorzata Wilk\u00a0 i\u00a0 Damian P\u0105czek.<\/li>\n<li>Int<em>encje \u2013\u00a0 <\/em><strong>\u00a0\u00a0<\/strong>tygodnik<em>u<strong>\u00a0 Niedziela \u00a0<\/strong><\/em>z \u00a0modlitewnikiem \u2013 <em>Niezb\u0119dnik katolika \u00a0<\/em>ciekawe artyku\u0142y o\u00a0 warto\u015bci patriotyzmu i odpowiedzialno\u015bci \u00a0za \u00a0Polsk\u0119,\u00a0 o zbrojeniach naszej Ojczyzny,\u00a0 o r\u00f3\u017cnych\u00a0 formach Bo\u017cej kary,\u00a0 o polskiej enklawie w Rumunii,\u00a0 o promieniach obrazu Jezusa Mi\u0142osiernego,\u00a0\u00a0 o urokach Piemontu.\u00a0 \u00a0S\u0105 te\u017c czasopisma misyjne i seminaryjne, \u00a0patriot<em>yczne &#8211; Magazyn\u00a0 oraz <\/em>\u00a0numer<em> Stasia<\/em>\u00a0 dla ma\u0142ych dzieci.<\/li>\n<\/ol>\n","protected":false},"excerpt":{"rendered":"<p>\u0141\u0105czymy si\u0119 duchowo z przedstawicielami naszej parafii, kt\u00f3rzy z wie\u0144cami do\u017cynkowymi uczestnicz\u0105 w diecezjalnym dzi\u0119kczynieniu za dar tegorocznego chleba w Kolbuszowej. Ko\u0144cz\u0105 si\u0119 wakacje dla<\/p>\n","protected":false},"author":7,"featured_media":0,"comment_status":"closed","ping_status":"open","sticky":false,"template":"","format":"standard","meta":[],"categories":[1],"tags":[],"_links":{"self":[{"href":"https:\/\/www.wysokastrzyz.rzeszow.opoka.org.pl\/index.php\/wp-json\/wp\/v2\/posts\/4617"}],"collection":[{"href":"https:\/\/www.wysokastrzyz.rzeszow.opoka.org.pl\/index.php\/wp-json\/wp\/v2\/posts"}],"about":[{"href":"https:\/\/www.wysokastrzyz.rzeszow.opoka.org.pl\/index.php\/wp-json\/wp\/v2\/types\/post"}],"author":[{"embeddable":true,"href":"https:\/\/www.wysokastrzyz.rzeszow.opoka.org.pl\/index.php\/wp-json\/wp\/v2\/users\/7"}],"replies":[{"embeddable":true,"href":"https:\/\/www.wysokastrzyz.rzeszow.opoka.org.pl\/index.php\/wp-json\/wp\/v2\/comments?post=4617"}],"version-history":[{"count":1,"href":"https:\/\/www.wysokastrzyz.rzeszow.opoka.org.pl\/index.php\/wp-json\/wp\/v2\/posts\/4617\/revisions"}],"predecessor-version":[{"id":4618,"href":"https:\/\/www.wysokastrzyz.rzeszow.opoka.org.pl\/index.php\/wp-json\/wp\/v2\/posts\/4617\/revisions\/4618"}],"wp:attachment":[{"href":"https:\/\/www.wysokastrzyz.rzeszow.opoka.org.pl\/index.php\/wp-json\/wp\/v2\/media?parent=4617"}],"wp:term":[{"taxonomy":"category","embeddable":true,"href":"https:\/\/www.wysokastrzyz.rzeszow.opoka.org.pl\/index.php\/wp-json\/wp\/v2\/categories?post=4617"},{"taxonomy":"post_tag","embeddable":true,"href":"https:\/\/www.wysokastrzyz.rzeszow.opoka.org.pl\/index.php\/wp-json\/wp\/v2\/tags?post=4617"}],"curies":[{"name":"wp","href":"https:\/\/api.w.org\/{rel}","templated":true}]}}