{"id":4537,"date":"2026-04-26T19:10:48","date_gmt":"2026-04-26T19:10:48","guid":{"rendered":"https:\/\/www.wysokastrzyz.rzeszow.opoka.org.pl\/?p=4537"},"modified":"2026-04-26T19:10:48","modified_gmt":"2026-04-26T19:10:48","slug":"ogloszenia-duszpasterskie-4-niedziela-wielkanocna-26-04-2026","status":"publish","type":"post","link":"http:\/\/www.wysokastrzyz.rzeszow.opoka.org.pl\/index.php\/ogloszenia-parafialne\/ogloszenia-duszpasterskie-4-niedziela-wielkanocna-26-04-2026","title":{"rendered":"OG\u0141OSZENIA DUSZPASTERSKIE 4 Niedziela Wielkanocna 26.04.2026."},"content":{"rendered":"<ol>\n<li>Dzisiaj <strong>Niedziela Dobrego Pasterza<\/strong> \u2013 rozpoczyna si\u0119 tydzie\u0144 szczeg\u00f3lnej modlitwy o nowe powo\u0142ania kap\u0142a\u0144skie i zakonne. Zapraszamy na codzienn\u0105 Msz\u0119 \u015bw. i modlitw\u0119 w tej wa\u017cnej sprawie dla dobra wsp\u00f3lnoty Ko\u015bcio\u0142a.<\/li>\n<li>W pi\u0105tek \u2013 1 maj \u2013 wspominamy \u015bw. J\u00f3zefa \u2013 Robotnika &#8211; modlitw\u0105 ogarniamy wszystkich ludzi pracy. Rozpoczyna si\u0119 pi\u0119kny miesi\u0105c maryjny \u2013 tak rado\u015bnie roz\u015bpiewany Litani\u0105 Loreta\u0144sk\u0105 do NMP. Nabo\u017ce\u0144stwa majowe w dni powszednie o 18-tej, a w niedziele\u00a0 i\u00a0 w uroczysto\u015bci o 16.30,\u00a0 a potem Msza \u015bwi\u0119ta. Zach\u0119camy wszystkich do udzia\u0142u w tych pi\u0119knych nabo\u017ce\u0144stwach \u2013 szczeg\u00f3lnie m\u0142odzie\u017c i dzieci, dla kt\u00f3rych czekaj\u0105 niespodzianki.\u00a0 Przez r\u0119ce Matki Naj\u015bwi\u0119tszej prosi\u0107 b\u0119dziemy Boga o pok\u00f3j na Ukrainie i na ca\u0142ym \u015bwiecie oraz o obfite tegoroczne plony ziemi.\u00a0 Prosimy przystroi\u0107 przydro\u017cne kapliczki, krzy\u017ce \u2013 to wyraz naszej wiary i mi\u0142o\u015bci do Matki Naj\u015bwi\u0119tszej.\u00a0 Kto nie b\u0119dzie m\u00f3g\u0142 przyby\u0107 na nabo\u017ce\u0144stwo majowe niech zgromadzi si\u0119 przy kapliczce i tam litani\u0105 oraz pie\u015bni\u0105 maryjn\u0105 niech wys\u0142awia Maryj\u0119 \u2013 Matk\u0119 Bo\u017c\u0105.\u00a0 Udekorujmy te\u017c obrazami maryjnymi okna naszych dom\u00f3w.<\/li>\n<li>W liturgii Ko\u015bcio\u0142a w tym tygodniu: we \u015brod\u0119 \u015bwi\u0119to \u015bw. Katarzyny ze Sieny \u2013 Patronki Europy.<\/li>\n<li>W sobot\u0119 Dzie\u0144 Flagi Narodowej \u2013 pami\u0119tajmy wywiesi\u0107 na naszych domach polskie bia\u0142o czerwone flagi \u2013 niech one pozostan\u0105 na Uroczysto\u015b\u0107 Matki Bo\u017cej Kr\u00f3lowej Polski \u2013 to wyraz naszego patriotyzmu i mi\u0142o\u015bci do Ojczyzny. Flagi mo\u017cna naby\u0107 w zakrystii.<\/li>\n<li>W tym tygodniu I &#8211; szy pi\u0105tek\u00a0 i\u00a0 sobota miesi\u0105ca \u2013 spowied\u017a w pi\u0105tek od 17.<\/li>\n<li>W najbli\u017csz\u0105 niedziel\u0119 na sumie dzieci klas IV b\u0119d\u0105 prze\u017cywa\u0107 rocznic\u0119 swojej pierwszej Komunii \u015bw. Jest to pierwsza niedziela miesi\u0105ca \u2013 zmiana tajemnic r\u00f3\u017ca\u0144cowych \u2013 sk\u0142adka na seminarium duchowne\u00a0 i\u00a0 cele diecezjalne.<\/li>\n<li>W niedziel\u0119 &#8211; 3. V.<strong> &#8211; <\/strong>Uroczysto\u015b\u0107 Naj\u015bwi\u0119tszej Maryi Panny Kr\u00f3lowej Polski i rocznica uchwalenia Konstytucji 3 &#8211; go Maja \u2013 nasze polskie \u015bwi\u0119to narodowe. Liturgia\u00a0 kolejnej &#8211; 5 Niedzieli Wielkanocnej nie dopuszcza drugiej uroczysto\u015bci \u2013 dlatego liturgicznie cze\u015b\u0107 Matce Bo\u017cej \u2013 Kr\u00f3lowej Polski oddawa\u0107 b\u0119dziemy w sobot\u0119 \u2013 zapraszamy na nabo\u017ce\u0144stwo majowe \u00a0i \u00a0Msz\u0119 \u015bw. na godz. 18 \u2013 t\u0105.<\/li>\n<li>Spotkanie dzieci klas\u00a0 III\u00a0 szko\u0142y podstawowej \u00a0we \u00a0czwartek po Mszy \u015bw.<\/li>\n<li><em>Opar\u00f3wka.<\/em> \u00a0Dzisiejsz\u0105 ofiar\u0105 w kopertach sk\u0142adamy podzi\u0119kowanie naszemu ko\u015bcielnemu\u00a0 Leszkowi Kl\u0119czy\u0144skiemu \u00a0za \u00a0ca\u0142oroczn\u0105 prac\u0119.<\/li>\n<li>Prosili\u015bmy parafian do pomocy w przygotowaniu drewna na opa\u0142 od dziesi\u0105tki 34 do 37. Ofiarnie pracowali: \u00a0Piotr Talipski, \u00a0Krzysztof Od\u00f3j,\u00a0 J\u00f3zef Baran i Jan Jajuga .\u00a0 Dzi\u0119kujemy za w\u0142o\u017cony trud pracy. \u00a0W najbli\u017cszych dniach jeszcze dotrze drewno z lasu\u00a0 i\u00a0 trzeba b\u0119dzie go por\u017cn\u0105\u0107.\u00a0\u00a0 Wiele b\u0119dzie jeszcze \u00a0do \u00a0zrobienia \u2013 prosimy \u00a0na pi\u0105tek \u00a0 38 i 39\u00a0 i\u00a0 na sobot\u0119 dz. 40 i 41\u00a0 oraz\u00a0 wszystkich ch\u0119tnych.<\/li>\n<li><em>Og\u0142oszenie Urz\u0119du Miasta w Strzy\u017cowie. <\/em>W zwi\u0105zku z organizacj\u0105 Biegu Konstytucji 3 Maja w Strzy\u017cowie informujemy, \u017ce w dniu wydarzenia wyst\u0105pi\u0105 utrudnienia w ruchu drogowym w godzinach od 15:00 do 18:00.\u00a0 W tym czasie nast\u0105pi czasowe zamkni\u0119cie niekt\u00f3rych odcink\u00f3w dr\u00f3g. \u00a0W szczeg\u00f3lno\u015bci utrudnienia obejm\u0105 drog\u0119 za rzek\u0105 Kopytko w miejscowo\u015bci Wysoka Strzy\u017cowska \u2013 \u00a0od skrzy\u017cowania z drog\u0105 z Bonar\u00f3wki do Gbisk.\u00a0 Prosimy o zachowanie ostro\u017cno\u015bci, \u00a0stosowanie si\u0119 do polece\u0144 s\u0142u\u017cb porz\u0105dkowych oraz wybieranie tras alternatywnych.\u00a0 Za wszelkie utrudnienia serdecznie przepraszamy \u00a0i \u00a0dzi\u0119kujemy za \u00a0wyrozumia\u0142o\u015b\u0107.<\/li>\n<\/ol>\n<ol start=\"12\">\n<li>B\u00f3g zap\u0142a\u0107 za ostatnie posprz\u0105tanie ko\u015bcio\u0142a i\u00a0 z\u0142o\u017cone ofiary.\u00a0 Na sobot\u0119\u00a0 na godz. 9 &#8211; t\u0105\u00a0 o posprz\u0105tanie ko\u015bcio\u0142a prosimy rodzic\u00f3w dzieci klas IV.<\/li>\n<li>Intencje \u2013 <em>\u00a0w<strong>\u00a0 <\/strong><\/em>tygodniku <strong><em>\u00a0Niedziela<\/em><\/strong><em>\u00a0 <\/em>z \u00a0ksi\u0105\u017ceczk\u0105 \u00a0<em>Niezb\u0119dnik \u00a0katolika <\/em>\u00a0&#8211; wiele ciekawych artyku\u0142\u00f3w\u00a0 o\u00a0 nowych powo\u0142aniach kap\u0142a\u0144skich i zakonnych,\u00a0\u00a0 o wspieraniu modlitw\u0105 powo\u0142anych do s\u0142u\u017cby Bo\u017cej, \u00a0o owocach papieskiej pielgrzymki do Afryki, \u00a0o Bo\u017cej dyplomatce\u00a0 &#8211; \u00a0\u015bw. Katarzynie ze Sieny. \u00a0\u00a0S\u0105 te\u017c czasopisma misyjne i seminaryjne.<\/li>\n<\/ol>\n","protected":false},"excerpt":{"rendered":"<p>Dzisiaj Niedziela Dobrego Pasterza \u2013 rozpoczyna si\u0119 tydzie\u0144 szczeg\u00f3lnej modlitwy o nowe powo\u0142ania kap\u0142a\u0144skie i zakonne. Zapraszamy na codzienn\u0105 Msz\u0119 \u015bw. i modlitw\u0119 w tej<\/p>\n","protected":false},"author":7,"featured_media":0,"comment_status":"closed","ping_status":"open","sticky":false,"template":"","format":"standard","meta":[],"categories":[1],"tags":[],"_links":{"self":[{"href":"http:\/\/www.wysokastrzyz.rzeszow.opoka.org.pl\/index.php\/wp-json\/wp\/v2\/posts\/4537"}],"collection":[{"href":"http:\/\/www.wysokastrzyz.rzeszow.opoka.org.pl\/index.php\/wp-json\/wp\/v2\/posts"}],"about":[{"href":"http:\/\/www.wysokastrzyz.rzeszow.opoka.org.pl\/index.php\/wp-json\/wp\/v2\/types\/post"}],"author":[{"embeddable":true,"href":"http:\/\/www.wysokastrzyz.rzeszow.opoka.org.pl\/index.php\/wp-json\/wp\/v2\/users\/7"}],"replies":[{"embeddable":true,"href":"http:\/\/www.wysokastrzyz.rzeszow.opoka.org.pl\/index.php\/wp-json\/wp\/v2\/comments?post=4537"}],"version-history":[{"count":1,"href":"http:\/\/www.wysokastrzyz.rzeszow.opoka.org.pl\/index.php\/wp-json\/wp\/v2\/posts\/4537\/revisions"}],"predecessor-version":[{"id":4538,"href":"http:\/\/www.wysokastrzyz.rzeszow.opoka.org.pl\/index.php\/wp-json\/wp\/v2\/posts\/4537\/revisions\/4538"}],"wp:attachment":[{"href":"http:\/\/www.wysokastrzyz.rzeszow.opoka.org.pl\/index.php\/wp-json\/wp\/v2\/media?parent=4537"}],"wp:term":[{"taxonomy":"category","embeddable":true,"href":"http:\/\/www.wysokastrzyz.rzeszow.opoka.org.pl\/index.php\/wp-json\/wp\/v2\/categories?post=4537"},{"taxonomy":"post_tag","embeddable":true,"href":"http:\/\/www.wysokastrzyz.rzeszow.opoka.org.pl\/index.php\/wp-json\/wp\/v2\/tags?post=4537"}],"curies":[{"name":"wp","href":"https:\/\/api.w.org\/{rel}","templated":true}]}}