{"id":4534,"date":"2026-04-19T22:01:13","date_gmt":"2026-04-19T22:01:13","guid":{"rendered":"https:\/\/www.wysokastrzyz.rzeszow.opoka.org.pl\/?p=4534"},"modified":"2026-04-19T22:01:13","modified_gmt":"2026-04-19T22:01:13","slug":"ogloszenia-duszpasterskie-3-niedziela-wielkanocna-19-04-2026","status":"publish","type":"post","link":"http:\/\/www.wysokastrzyz.rzeszow.opoka.org.pl\/index.php\/ogloszenia-parafialne\/ogloszenia-duszpasterskie-3-niedziela-wielkanocna-19-04-2026","title":{"rendered":"OG\u0141OSZENIA DUSZPASTERSKIE 3 Niedziela Wielkanocna 19.04.2026."},"content":{"rendered":"<ol>\n<li>Dzisiejsza trzecia Niedziela Wielkanocna jest <strong>Og\u00f3lnopolsk\u0105 Niedziel\u0105 Biblijn\u0105<\/strong> po\u0142\u0105czona z <strong>Narodowym<\/strong> <strong>Dniem Czytania Pisma \u015bwi\u0119tego<\/strong>. Niech ka\u017cda niedziela b\u0119dzie dniem, w kt\u00f3rym b\u0119dziemy si\u0119ga\u0107 do S\u0142owa Bo\u017cego, aby tam szuka\u0107 Bo\u017cej m\u0105dro\u015bci dla swojego dobrego chrze\u015bcija\u0144skiego \u017cycia.<\/li>\n<li>W liturgii Ko\u015bcio\u0142a w tym tygodniu: we czwartek Uroczysto\u015b\u0107 \u015bw. Wojciecha \u2013 Patrona Polski,\u00a0 w sobot\u0119 \u015bwi\u0119to \u015bw. Marka Ewangelisty.<\/li>\n<li>W najbli\u017csz\u0105 niedziel\u0119 rozpoczyna si\u0119 tydzie\u0144 szczeg\u00f3lnej modlitwy o nowe powo\u0142ania kap\u0142a\u0144skie, \u00a0zakonne\u00a0 i<\/li>\n<li>W pi\u0105tek po Mszy \u015bw. spotkanie uczni\u00f3w klas IV szko\u0142y podstawowej.<\/li>\n<li>Opar\u00f3wka. Podzi\u0119kowanie dla ko\u015bcielnego Leszka Kl\u0119czy\u0144skiego za ca\u0142oroczn\u0105 prac\u0119.<\/li>\n<li>Prosili\u015bmy parafian do pomocy w przygotowaniu drewna na opa\u0142 od dziesi\u0105tki 22 do 33 \u2013 przez ca\u0142y niemal tydzie\u0144 nikt nie przyszed\u0142. \u00a0W sobot\u0119 ofiarnie pracowali: Tadeusz Markowski, Tomasz Niemiec,\u00a0 S\u0142awomir Markowski, Krzysztof Od\u00f3j,\u00a0 Tomasz Markowski\u00a0 i\u00a0 Wojciech Fortuna.\u00a0 Dzi\u0119kujemy wszystkim za trud pracy. \u00a0Wiele jest jeszcze do zrobienia \u2013 prosimy \u00a0na pi\u0105tek dz. 34 \u2013 35\u00a0 i\u00a0 na sobot\u0119 dz. 36 i 37\u00a0 oraz\u00a0 wszystkich ch\u0119tnych.<\/li>\n<li>B\u00f3g zap\u0142a\u0107 za ostatnie posprz\u0105tanie ko\u015bcio\u0142a i\u00a0 z\u0142o\u017cone ofiary.\u00a0 Na sobot\u0119\u00a0 na godz. 9 &#8211; t\u0105\u00a0\u00a0\u00a0 prosimy parafian od nru: \u00a0471 \u2013 Robert Balawajder,\u00a0 S\u0142awomir Pasek,\u00a0 Zofia Noga, Wojciech Noga,\u00a0 Piotr Prokopik\u00a0 i\u00a0 Stanis\u0142aw Sieczkowski.<\/li>\n<li>Intencje \u2013 <em>\u00a0w<strong>\u00a0 <\/strong>Niedzieli<\/em> \u00a0wiele ciekawych artyku\u0142\u00f3w\u00a0 o\u00a0 j\u0119zykach \u2013 gwarach w Pi\u015bmie \u015bwi\u0119tym,\u00a0 o Dekalogu, kt\u00f3ry zawsze obowi\u0105zuje w Ko\u015bciele,\u00a0 o w\u0119dr\u00f3wkach po Ziemi \u015bwi\u0119tej,\u00a0 o pielgrzymce papie\u017ca w Angoli w s\u0142owach nuncjusza abpa Kryspina Dubiela z Le\u017cajska,\u00a0 o niepewnym pokoju na Bliskim Wschodzie. \u00a0S\u0105 te\u017c czasopisma misyjne i seminaryjne.<\/li>\n<\/ol>\n","protected":false},"excerpt":{"rendered":"<p>Dzisiejsza trzecia Niedziela Wielkanocna jest Og\u00f3lnopolsk\u0105 Niedziel\u0105 Biblijn\u0105 po\u0142\u0105czona z Narodowym Dniem Czytania Pisma \u015bwi\u0119tego. Niech ka\u017cda niedziela b\u0119dzie dniem, w kt\u00f3rym b\u0119dziemy si\u0119ga\u0107 do<\/p>\n","protected":false},"author":7,"featured_media":0,"comment_status":"closed","ping_status":"open","sticky":false,"template":"","format":"standard","meta":[],"categories":[1],"tags":[],"_links":{"self":[{"href":"http:\/\/www.wysokastrzyz.rzeszow.opoka.org.pl\/index.php\/wp-json\/wp\/v2\/posts\/4534"}],"collection":[{"href":"http:\/\/www.wysokastrzyz.rzeszow.opoka.org.pl\/index.php\/wp-json\/wp\/v2\/posts"}],"about":[{"href":"http:\/\/www.wysokastrzyz.rzeszow.opoka.org.pl\/index.php\/wp-json\/wp\/v2\/types\/post"}],"author":[{"embeddable":true,"href":"http:\/\/www.wysokastrzyz.rzeszow.opoka.org.pl\/index.php\/wp-json\/wp\/v2\/users\/7"}],"replies":[{"embeddable":true,"href":"http:\/\/www.wysokastrzyz.rzeszow.opoka.org.pl\/index.php\/wp-json\/wp\/v2\/comments?post=4534"}],"version-history":[{"count":1,"href":"http:\/\/www.wysokastrzyz.rzeszow.opoka.org.pl\/index.php\/wp-json\/wp\/v2\/posts\/4534\/revisions"}],"predecessor-version":[{"id":4535,"href":"http:\/\/www.wysokastrzyz.rzeszow.opoka.org.pl\/index.php\/wp-json\/wp\/v2\/posts\/4534\/revisions\/4535"}],"wp:attachment":[{"href":"http:\/\/www.wysokastrzyz.rzeszow.opoka.org.pl\/index.php\/wp-json\/wp\/v2\/media?parent=4534"}],"wp:term":[{"taxonomy":"category","embeddable":true,"href":"http:\/\/www.wysokastrzyz.rzeszow.opoka.org.pl\/index.php\/wp-json\/wp\/v2\/categories?post=4534"},{"taxonomy":"post_tag","embeddable":true,"href":"http:\/\/www.wysokastrzyz.rzeszow.opoka.org.pl\/index.php\/wp-json\/wp\/v2\/tags?post=4534"}],"curies":[{"name":"wp","href":"https:\/\/api.w.org\/{rel}","templated":true}]}}